{"id":913,"date":"2023-01-14T10:40:33","date_gmt":"2023-01-14T09:40:33","guid":{"rendered":"http:\/\/skjsopot.pl\/?p=913"},"modified":"2023-01-16T21:05:00","modified_gmt":"2023-01-16T20:05:00","slug":"wreczenie-nagrod-za-2022-rok","status":"publish","type":"post","link":"http:\/\/skjsopot.pl\/index.php\/wreczenie-nagrod-za-2022-rok\/","title":{"rendered":"Wr\u0119czenie nagr\u00f3d za 2022 rok."},"content":{"rendered":"\n<p>[Edit 16\/01\/2023]<\/p>\n\n\n\n<p>Drodzy Pa\u0144stwo,<\/p>\n\n\n\n<p>dzi\u0119kujemy za wszystkie komentarze i uwagi. Przeanalizowali\u015bmy je szczeg\u00f3\u0142owo i w zwi\u0105zku z tym chcieliby\u015bmy poinformowa\u0107 jak poni\u017cej:<\/p>\n\n\n\n<p>\u2022 <a><\/a>Lista wyr\u00f3\u017cnionych os\u00f3b poszerzona zosta\u0142a o Zofi\u0119 Pakur, kt\u00f3ra z b\u0142\u0119du ludzkiego zosta\u0142a pomini\u0119ta we wcze\u015bniej opublikowanej li\u015bcie, a osi\u0105gni\u0119cia Zofi Pakur w \u017caden spos\u00f3b nie odbiegaj\u0105 od wynik\u00f3w pozosta\u0142ych wyr\u00f3\u017cnionych zawodnik\u00f3w. Za b\u0142\u0105d przepraszamy i zapraszamy po odbi\u00f3r nagr\u00f3d rzeczowych i finansowych w wyznaczonym terminie.<\/p>\n\n\n\n<p>\u2022 Wzorem poprzedniego roku analizie podlega\u0142y osi\u0105gniecia indywidualne, natomiast z racji, \u017ce informacja ta nie zosta\u0142a publicznie i jasno podana do wiadomo\u015bci ani w roku poprzednim, ani w tym postanowili\u015bmy wyr\u00f3\u017cni\u0107 tak\u017ce srebrne medalistki MDPP &#8211; Juli\u0119 Karolak, Len\u0119 Proci\u0144sk\u0105, Tol\u0119 Wawrzkiewicz.<\/p>\n\n\n\n<p>Zapraszamy po odbi\u00f3r nagr\u00f3d finansowych i rzeczowych w wyznaczonym terminie.<\/p>\n\n\n\n<p>Powy\u017csze zmiany zosta\u0142y potwierdzone uchwa\u0142\u0105 z dnia 16\/01\/2023.<\/p>\n\n\n\n<p>Wyr\u00f3\u017cnione osoby zapraszamy po obi\u00f3r nagr\u00f3d dnia 18\/01\/2023 do restauracji Unicorn o godzinie 17:30.<\/p>\n\n\n\n<p>Zarz\u0105d SKJ<\/p>\n\n\n\n<p>&#8211; &#8211; &#8211; &#8211; &#8211; &#8211; &#8211; &#8211; &#8211; &#8211; &#8211; &#8211; &#8211; &#8211; &#8211; &#8211; &#8211; &#8211; &#8211; &#8211; &#8211; &#8211; &#8211; &#8211; &#8211; &#8211; &#8211; &#8211; &#8211; &#8211; &#8211; &#8211; &#8211; &#8211; &#8211; &#8211; &#8211; &#8211; &#8211; &#8211; &#8211; &#8211; &#8211;<\/p>\n\n\n\n<p>Drodzy zawodnicy,<\/p>\n\n\n\n<p>Dnia 12.12.2022 roku Zarz\u0105d podj\u0105\u0142 uchwa\u0142\u0119 numer 4\/12\/2022, zgodnie z kt\u00f3r\u0105 z grona zawodnik\u00f3w Sopockiego Klubu Je\u017adzieckiego, powo\u0142anych do Kadry Wojew\u00f3dztwa Pomorskiego postanowili\u015bmy wyr\u00f3\u017cni\u0107 dziesi\u0119cioro najbardziej utytu\u0142owanych je\u017ad\u017ac\u00f3w w 2022 roku i s\u0105 nimi:<\/p>\n\n\n\n<p>Biegalska Iga<\/p>\n\n\n\n<p>Gaw\u0119da Zuzanna<\/p>\n\n\n\n<p>G\u0142ogowska Nina<\/p>\n\n\n\n<p>Nazarewicz Julia<\/p>\n\n\n\n<p>Nizio\u0142ek Zuzanna<\/p>\n\n\n\n<p>Padalak Maria<\/p>\n\n\n\n<p>Ryciak Wiktoria<\/p>\n\n\n\n<p>Szukalska Maja<\/p>\n\n\n\n<p>Wawrzkiewicz Tola<\/p>\n\n\n\n<p>W\u00f3jcikiewicz R\u00f3\u017ca<\/p>\n\n\n\n<p>Ka\u017cda z wy\u017cej wymienionych os\u00f3b otrzyma nagrody rzeczowe w postaci: derki, czapraka i kamizelki z logo SKJ oraz nagrod\u0119 finansow\u0105 w wysoko\u015bci 400 z\u0142, wyp\u0142acan\u0105 przelewem. Na nagrody Zarz\u0105d przeznaczy\u0142 8&nbsp;400z\u0142 brutto. Ponadto na mocy uchwa\u0142y numer 5\/12\/2022 ka\u017cda z wyr\u00f3\u017cnionych os\u00f3b otrzymuje mo\u017cliwo\u015b\u0107 bezp\u0142atnego startu w zawodach majowych, organizowanych przez SKJ.<\/p>\n\n\n\n<p>Wr\u0119czenie nagr\u00f3d odb\u0119dzie si\u0119 w \u015brod\u0119 18 stycznia o godzinie 17:30 w restauracji Unicorn.<\/p>\n\n\n\n<p>Zapraszamy<\/p>\n\n\n\n<p>Zarz\u0105d Sopockiego Klubu Je\u017adzieckiego<\/p>\n","protected":false},"excerpt":{"rendered":"<p>[Edit 16\/01\/2023] Drodzy Pa\u0144stwo, dzi\u0119kujemy za wszystkie komentarze i uwagi. Przeanalizowali\u015bmy je szczeg\u00f3\u0142owo i w zwi\u0105zku z tym chcieliby\u015bmy poinformowa\u0107 jak poni\u017cej: \u2022 Lista wyr\u00f3\u017cnionych os\u00f3b poszerzona zosta\u0142a o Zofi\u0119 Pakur, kt\u00f3ra z b\u0142\u0119du ludzkiego zosta\u0142a pomini\u0119ta we wcze\u015bniej opublikowanej li\u015bcie, a osi\u0105gni\u0119cia Zofi Pakur w \u017caden spos\u00f3b nie odbiegaj\u0105 od wynik\u00f3w pozosta\u0142ych wyr\u00f3\u017cnionych zawodnik\u00f3w. &hellip; <\/p>\n","protected":false},"author":1,"featured_media":914,"comment_status":"closed","ping_status":"closed","sticky":false,"template":"","format":"standard","meta":[],"categories":[1],"tags":[],"_links":{"self":[{"href":"http:\/\/skjsopot.pl\/index.php\/wp-json\/wp\/v2\/posts\/913"}],"collection":[{"href":"http:\/\/skjsopot.pl\/index.php\/wp-json\/wp\/v2\/posts"}],"about":[{"href":"http:\/\/skjsopot.pl\/index.php\/wp-json\/wp\/v2\/types\/post"}],"author":[{"embeddable":true,"href":"http:\/\/skjsopot.pl\/index.php\/wp-json\/wp\/v2\/users\/1"}],"replies":[{"embeddable":true,"href":"http:\/\/skjsopot.pl\/index.php\/wp-json\/wp\/v2\/comments?post=913"}],"version-history":[{"count":3,"href":"http:\/\/skjsopot.pl\/index.php\/wp-json\/wp\/v2\/posts\/913\/revisions"}],"predecessor-version":[{"id":919,"href":"http:\/\/skjsopot.pl\/index.php\/wp-json\/wp\/v2\/posts\/913\/revisions\/919"}],"wp:featuredmedia":[{"embeddable":true,"href":"http:\/\/skjsopot.pl\/index.php\/wp-json\/wp\/v2\/media\/914"}],"wp:attachment":[{"href":"http:\/\/skjsopot.pl\/index.php\/wp-json\/wp\/v2\/media?parent=913"}],"wp:term":[{"taxonomy":"category","embeddable":true,"href":"http:\/\/skjsopot.pl\/index.php\/wp-json\/wp\/v2\/categories?post=913"},{"taxonomy":"post_tag","embeddable":true,"href":"http:\/\/skjsopot.pl\/index.php\/wp-json\/wp\/v2\/tags?post=913"}],"curies":[{"name":"wp","href":"https:\/\/api.w.org\/{rel}","templated":true}]}}